{"id":664,"date":"2021-10-23T23:30:53","date_gmt":"2021-10-23T21:30:53","guid":{"rendered":"https:\/\/muzeumcystersow.pl\/uroczyste-otwarcie-naszego-muzeum\/"},"modified":"2022-01-03T14:24:21","modified_gmt":"2022-01-03T13:24:21","slug":"grand-opening-of-our-museum","status":"publish","type":"post","link":"https:\/\/muzeumcystersow.pl\/en\/grand-opening-of-our-museum\/","title":{"rendered":"Grand opening of our museum"},"content":{"rendered":"<p>This year, October 23, the long-awaited ceremonial opening of our museum took place. We began with a holy mass in the Basilica of the Holy Cross, presided over by His Eminence, Fr. Card. Stanis\u0142aw Dziwisz. Then we went to the Hall of St. Bernard &#8211; a place on the first floor &#8211; inaccessible to every day visitors, decorated with a series of paintings depicting scenes from the life of St. Bernard of Clairvaux.<\/p>\n<p>Our guests had the opportunity to listen to a concert of the Clara Tumba instrumental ensemble and the TRIPLUM Male Vocal Quartet, presenting pieces from our musical collections.<\/p>\n<p>Our guests were told about the project by Father Abbot Piotr Chojnacki, who signed the application which was submitted and looked after most of the work was carried out, as well as Tomasz Urynowicz, Councilor of the Lesser Poland Voivodeship, Vice-Marshal in 2018-2021, involved from the very beginning in the project of creating and building the Cistercian Museum, friend of our abbey. Father Mateusz Kawa, who looked after the project on the Cistercian side, also said a few words about the exhibition and its mission.<\/p>\n<p>Visiting the museum exhibition was carried out in a pleasant atmosphere and we received many warm words and expressions of appreciation.<\/p>\n<p>We would like to thank our guests for participating in the celebrations, and special thanks go to Olga and Piotr Turkiewicz, Damian Pyznar and Tomasz Zalewski. We are very gratefull for their hard work &#8211; unless it, our exhibition would not have been created in this form and content.<\/p>\n<div id='gallery-1' class='gallery galleryid-664 gallery-columns-2 gallery-size-full'><figure class='gallery-item'>\n\t\t\t<div class='gallery-icon landscape'>\n\t\t\t\t<img loading=\"lazy\" decoding=\"async\" width=\"670\" height=\"445\" src=\"https:\/\/muzeumcystersow.pl\/wp-content\/uploads\/2021\/10\/muzeum-mogila-otwarcie-01.jpg\" class=\"attachment-full size-full\" alt=\"\" srcset=\"https:\/\/muzeumcystersow.pl\/wp-content\/uploads\/2021\/10\/muzeum-mogila-otwarcie-01.jpg 670w, https:\/\/muzeumcystersow.pl\/wp-content\/uploads\/2021\/10\/muzeum-mogila-otwarcie-01-300x199.jpg 300w\" sizes=\"auto, (max-width: 670px) 100vw, 670px\" \/>\n\t\t\t<\/div><\/figure><figure class='gallery-item'>\n\t\t\t<div class='gallery-icon landscape'>\n\t\t\t\t<img loading=\"lazy\" decoding=\"async\" width=\"670\" height=\"444\" src=\"https:\/\/muzeumcystersow.pl\/wp-content\/uploads\/2021\/10\/muzeum-mogila-otwarcie-02.jpg\" class=\"attachment-full size-full\" alt=\"\" srcset=\"https:\/\/muzeumcystersow.pl\/wp-content\/uploads\/2021\/10\/muzeum-mogila-otwarcie-02.jpg 670w, https:\/\/muzeumcystersow.pl\/wp-content\/uploads\/2021\/10\/muzeum-mogila-otwarcie-02-300x199.jpg 300w\" sizes=\"auto, (max-width: 670px) 100vw, 670px\" \/>\n\t\t\t<\/div><\/figure><figure class='gallery-item'>\n\t\t\t<div class='gallery-icon portrait'>\n\t\t\t\t<img loading=\"lazy\" decoding=\"async\" width=\"558\" height=\"840\" src=\"https:\/\/muzeumcystersow.pl\/wp-content\/uploads\/2021\/10\/muzeum-mogila-otwarcie-10.jpg\" class=\"attachment-full size-full\" alt=\"\" srcset=\"https:\/\/muzeumcystersow.pl\/wp-content\/uploads\/2021\/10\/muzeum-mogila-otwarcie-10.jpg 558w, https:\/\/muzeumcystersow.pl\/wp-content\/uploads\/2021\/10\/muzeum-mogila-otwarcie-10-199x300.jpg 199w\" sizes=\"auto, (max-width: 558px) 100vw, 558px\" \/>\n\t\t\t<\/div><\/figure><figure class='gallery-item'>\n\t\t\t<div class='gallery-icon portrait'>\n\t\t\t\t<img loading=\"lazy\" decoding=\"async\" width=\"558\" height=\"840\" src=\"https:\/\/muzeumcystersow.pl\/wp-content\/uploads\/2021\/10\/muzeum-mogila-otwarcie-11.jpg\" class=\"attachment-full size-full\" alt=\"\" srcset=\"https:\/\/muzeumcystersow.pl\/wp-content\/uploads\/2021\/10\/muzeum-mogila-otwarcie-11.jpg 558w, https:\/\/muzeumcystersow.pl\/wp-content\/uploads\/2021\/10\/muzeum-mogila-otwarcie-11-199x300.jpg 199w\" sizes=\"auto, (max-width: 558px) 100vw, 558px\" \/>\n\t\t\t<\/div><\/figure><figure class='gallery-item'>\n\t\t\t<div class='gallery-icon landscape'>\n\t\t\t\t<img loading=\"lazy\" decoding=\"async\" width=\"670\" height=\"444\" src=\"https:\/\/muzeumcystersow.pl\/wp-content\/uploads\/2021\/10\/muzeum-mogila-otwarcie-03.jpg\" class=\"attachment-full size-full\" alt=\"\" srcset=\"https:\/\/muzeumcystersow.pl\/wp-content\/uploads\/2021\/10\/muzeum-mogila-otwarcie-03.jpg 670w, https:\/\/muzeumcystersow.pl\/wp-content\/uploads\/2021\/10\/muzeum-mogila-otwarcie-03-300x199.jpg 300w\" sizes=\"auto, (max-width: 670px) 100vw, 670px\" \/>\n\t\t\t<\/div><\/figure><figure class='gallery-item'>\n\t\t\t<div class='gallery-icon landscape'>\n\t\t\t\t<img loading=\"lazy\" decoding=\"async\" width=\"670\" height=\"444\" src=\"https:\/\/muzeumcystersow.pl\/wp-content\/uploads\/2021\/10\/muzeum-mogila-otwarcie-04.jpg\" class=\"attachment-full size-full\" alt=\"\" srcset=\"https:\/\/muzeumcystersow.pl\/wp-content\/uploads\/2021\/10\/muzeum-mogila-otwarcie-04.jpg 670w, https:\/\/muzeumcystersow.pl\/wp-content\/uploads\/2021\/10\/muzeum-mogila-otwarcie-04-300x199.jpg 300w\" sizes=\"auto, (max-width: 670px) 100vw, 670px\" \/>\n\t\t\t<\/div><\/figure><figure class='gallery-item'>\n\t\t\t<div class='gallery-icon landscape'>\n\t\t\t\t<img loading=\"lazy\" decoding=\"async\" width=\"670\" height=\"444\" src=\"https:\/\/muzeumcystersow.pl\/wp-content\/uploads\/2021\/10\/muzeum-mogila-otwarcie-05.jpg\" class=\"attachment-full size-full\" alt=\"\" srcset=\"https:\/\/muzeumcystersow.pl\/wp-content\/uploads\/2021\/10\/muzeum-mogila-otwarcie-05.jpg 670w, https:\/\/muzeumcystersow.pl\/wp-content\/uploads\/2021\/10\/muzeum-mogila-otwarcie-05-300x199.jpg 300w\" sizes=\"auto, (max-width: 670px) 100vw, 670px\" \/>\n\t\t\t<\/div><\/figure><figure class='gallery-item'>\n\t\t\t<div class='gallery-icon landscape'>\n\t\t\t\t<img loading=\"lazy\" decoding=\"async\" width=\"670\" height=\"444\" src=\"https:\/\/muzeumcystersow.pl\/wp-content\/uploads\/2021\/10\/muzeum-mogila-otwarcie-06.jpg\" class=\"attachment-full size-full\" alt=\"\" srcset=\"https:\/\/muzeumcystersow.pl\/wp-content\/uploads\/2021\/10\/muzeum-mogila-otwarcie-06.jpg 670w, https:\/\/muzeumcystersow.pl\/wp-content\/uploads\/2021\/10\/muzeum-mogila-otwarcie-06-300x199.jpg 300w\" sizes=\"auto, (max-width: 670px) 100vw, 670px\" \/>\n\t\t\t<\/div><\/figure><figure class='gallery-item'>\n\t\t\t<div class='gallery-icon landscape'>\n\t\t\t\t<img loading=\"lazy\" decoding=\"async\" width=\"670\" height=\"445\" src=\"https:\/\/muzeumcystersow.pl\/wp-content\/uploads\/2021\/10\/muzeum-mogila-otwarcie-07.jpg\" class=\"attachment-full size-full\" alt=\"\" srcset=\"https:\/\/muzeumcystersow.pl\/wp-content\/uploads\/2021\/10\/muzeum-mogila-otwarcie-07.jpg 670w, https:\/\/muzeumcystersow.pl\/wp-content\/uploads\/2021\/10\/muzeum-mogila-otwarcie-07-300x199.jpg 300w\" sizes=\"auto, (max-width: 670px) 100vw, 670px\" \/>\n\t\t\t<\/div><\/figure><figure class='gallery-item'>\n\t\t\t<div class='gallery-icon landscape'>\n\t\t\t\t<img loading=\"lazy\" decoding=\"async\" width=\"670\" height=\"444\" src=\"https:\/\/muzeumcystersow.pl\/wp-content\/uploads\/2021\/10\/muzeum-mogila-otwarcie-08.jpg\" class=\"attachment-full size-full\" alt=\"\" srcset=\"https:\/\/muzeumcystersow.pl\/wp-content\/uploads\/2021\/10\/muzeum-mogila-otwarcie-08.jpg 670w, https:\/\/muzeumcystersow.pl\/wp-content\/uploads\/2021\/10\/muzeum-mogila-otwarcie-08-300x199.jpg 300w\" sizes=\"auto, (max-width: 670px) 100vw, 670px\" \/>\n\t\t\t<\/div><\/figure><figure class='gallery-item'>\n\t\t\t<div class='gallery-icon landscape'>\n\t\t\t\t<img loading=\"lazy\" decoding=\"async\" width=\"670\" height=\"444\" src=\"https:\/\/muzeumcystersow.pl\/wp-content\/uploads\/2021\/10\/muzeum-mogila-otwarcie-09.jpg\" class=\"attachment-full size-full\" alt=\"\" srcset=\"https:\/\/muzeumcystersow.pl\/wp-content\/uploads\/2021\/10\/muzeum-mogila-otwarcie-09.jpg 670w, https:\/\/muzeumcystersow.pl\/wp-content\/uploads\/2021\/10\/muzeum-mogila-otwarcie-09-300x199.jpg 300w\" sizes=\"auto, (max-width: 670px) 100vw, 670px\" \/>\n\t\t\t<\/div><\/figure><figure class='gallery-item'>\n\t\t\t<div class='gallery-icon landscape'>\n\t\t\t\t<img loading=\"lazy\" decoding=\"async\" width=\"670\" height=\"414\" src=\"https:\/\/muzeumcystersow.pl\/wp-content\/uploads\/2021\/10\/muzeum-mogila-otwarcie-12.jpg\" class=\"attachment-full size-full\" alt=\"\" srcset=\"https:\/\/muzeumcystersow.pl\/wp-content\/uploads\/2021\/10\/muzeum-mogila-otwarcie-12.jpg 670w, https:\/\/muzeumcystersow.pl\/wp-content\/uploads\/2021\/10\/muzeum-mogila-otwarcie-12-300x185.jpg 300w\" sizes=\"auto, (max-width: 670px) 100vw, 670px\" \/>\n\t\t\t<\/div><\/figure><figure class='gallery-item'>\n\t\t\t<div class='gallery-icon landscape'>\n\t\t\t\t<img loading=\"lazy\" decoding=\"async\" width=\"670\" height=\"444\" src=\"https:\/\/muzeumcystersow.pl\/wp-content\/uploads\/2021\/10\/muzeum-mogila-otwarcie-14.jpg\" class=\"attachment-full size-full\" alt=\"\" srcset=\"https:\/\/muzeumcystersow.pl\/wp-content\/uploads\/2021\/10\/muzeum-mogila-otwarcie-14.jpg 670w, https:\/\/muzeumcystersow.pl\/wp-content\/uploads\/2021\/10\/muzeum-mogila-otwarcie-14-300x199.jpg 300w\" sizes=\"auto, (max-width: 670px) 100vw, 670px\" \/>\n\t\t\t<\/div><\/figure><figure class='gallery-item'>\n\t\t\t<div class='gallery-icon landscape'>\n\t\t\t\t<img loading=\"lazy\" decoding=\"async\" width=\"670\" height=\"444\" src=\"https:\/\/muzeumcystersow.pl\/wp-content\/uploads\/2021\/10\/muzeum-mogila-otwarcie-15.jpg\" class=\"attachment-full size-full\" alt=\"\" srcset=\"https:\/\/muzeumcystersow.pl\/wp-content\/uploads\/2021\/10\/muzeum-mogila-otwarcie-15.jpg 670w, https:\/\/muzeumcystersow.pl\/wp-content\/uploads\/2021\/10\/muzeum-mogila-otwarcie-15-300x199.jpg 300w\" sizes=\"auto, (max-width: 670px) 100vw, 670px\" \/>\n\t\t\t<\/div><\/figure><figure class='gallery-item'>\n\t\t\t<div class='gallery-icon landscape'>\n\t\t\t\t<img loading=\"lazy\" decoding=\"async\" width=\"670\" height=\"444\" src=\"https:\/\/muzeumcystersow.pl\/wp-content\/uploads\/2021\/10\/muzeum-mogila-otwarcie-16.jpg\" class=\"attachment-full size-full\" alt=\"\" srcset=\"https:\/\/muzeumcystersow.pl\/wp-content\/uploads\/2021\/10\/muzeum-mogila-otwarcie-16.jpg 670w, https:\/\/muzeumcystersow.pl\/wp-content\/uploads\/2021\/10\/muzeum-mogila-otwarcie-16-300x199.jpg 300w\" sizes=\"auto, (max-width: 670px) 100vw, 670px\" \/>\n\t\t\t<\/div><\/figure><figure class='gallery-item'>\n\t\t\t<div class='gallery-icon landscape'>\n\t\t\t\t<img loading=\"lazy\" decoding=\"async\" width=\"670\" height=\"444\" src=\"https:\/\/muzeumcystersow.pl\/wp-content\/uploads\/2021\/10\/muzeum-mogila-otwarcie-17.jpg\" class=\"attachment-full size-full\" alt=\"\" srcset=\"https:\/\/muzeumcystersow.pl\/wp-content\/uploads\/2021\/10\/muzeum-mogila-otwarcie-17.jpg 670w, https:\/\/muzeumcystersow.pl\/wp-content\/uploads\/2021\/10\/muzeum-mogila-otwarcie-17-300x199.jpg 300w\" sizes=\"auto, (max-width: 670px) 100vw, 670px\" \/>\n\t\t\t<\/div><\/figure><figure class='gallery-item'>\n\t\t\t<div class='gallery-icon landscape'>\n\t\t\t\t<img loading=\"lazy\" decoding=\"async\" width=\"670\" height=\"444\" src=\"https:\/\/muzeumcystersow.pl\/wp-content\/uploads\/2021\/10\/muzeum-mogila-otwarcie-18.jpg\" class=\"attachment-full size-full\" alt=\"\" srcset=\"https:\/\/muzeumcystersow.pl\/wp-content\/uploads\/2021\/10\/muzeum-mogila-otwarcie-18.jpg 670w, https:\/\/muzeumcystersow.pl\/wp-content\/uploads\/2021\/10\/muzeum-mogila-otwarcie-18-300x199.jpg 300w\" sizes=\"auto, (max-width: 670px) 100vw, 670px\" \/>\n\t\t\t<\/div><\/figure><figure class='gallery-item'>\n\t\t\t<div class='gallery-icon landscape'>\n\t\t\t\t<img loading=\"lazy\" decoding=\"async\" width=\"670\" height=\"444\" src=\"https:\/\/muzeumcystersow.pl\/wp-content\/uploads\/2021\/10\/muzeum-mogila-otwarcie-19.jpg\" class=\"attachment-full size-full\" alt=\"\" srcset=\"https:\/\/muzeumcystersow.pl\/wp-content\/uploads\/2021\/10\/muzeum-mogila-otwarcie-19.jpg 670w, https:\/\/muzeumcystersow.pl\/wp-content\/uploads\/2021\/10\/muzeum-mogila-otwarcie-19-300x199.jpg 300w\" sizes=\"auto, (max-width: 670px) 100vw, 670px\" \/>\n\t\t\t<\/div><\/figure><figure class='gallery-item'>\n\t\t\t<div class='gallery-icon landscape'>\n\t\t\t\t<img loading=\"lazy\" decoding=\"async\" width=\"670\" height=\"444\" src=\"https:\/\/muzeumcystersow.pl\/wp-content\/uploads\/2021\/10\/muzeum-mogila-otwarcie-20.jpg\" class=\"attachment-full size-full\" alt=\"\" srcset=\"https:\/\/muzeumcystersow.pl\/wp-content\/uploads\/2021\/10\/muzeum-mogila-otwarcie-20.jpg 670w, https:\/\/muzeumcystersow.pl\/wp-content\/uploads\/2021\/10\/muzeum-mogila-otwarcie-20-300x199.jpg 300w\" sizes=\"auto, (max-width: 670px) 100vw, 670px\" \/>\n\t\t\t<\/div><\/figure><figure class='gallery-item'>\n\t\t\t<div class='gallery-icon landscape'>\n\t\t\t\t<img loading=\"lazy\" decoding=\"async\" width=\"670\" height=\"444\" src=\"https:\/\/muzeumcystersow.pl\/wp-content\/uploads\/2021\/10\/muzeum-mogila-otwarcie-21.jpg\" class=\"attachment-full size-full\" alt=\"\" srcset=\"https:\/\/muzeumcystersow.pl\/wp-content\/uploads\/2021\/10\/muzeum-mogila-otwarcie-21.jpg 670w, https:\/\/muzeumcystersow.pl\/wp-content\/uploads\/2021\/10\/muzeum-mogila-otwarcie-21-300x199.jpg 300w\" sizes=\"auto, (max-width: 670px) 100vw, 670px\" \/>\n\t\t\t<\/div><\/figure><figure class='gallery-item'>\n\t\t\t<div class='gallery-icon landscape'>\n\t\t\t\t<img loading=\"lazy\" decoding=\"async\" width=\"670\" height=\"415\" src=\"https:\/\/muzeumcystersow.pl\/wp-content\/uploads\/2021\/10\/muzeum-mogila-otwarcie-22.jpg\" class=\"attachment-full size-full\" alt=\"\" srcset=\"https:\/\/muzeumcystersow.pl\/wp-content\/uploads\/2021\/10\/muzeum-mogila-otwarcie-22.jpg 670w, https:\/\/muzeumcystersow.pl\/wp-content\/uploads\/2021\/10\/muzeum-mogila-otwarcie-22-300x186.jpg 300w\" sizes=\"auto, (max-width: 670px) 100vw, 670px\" \/>\n\t\t\t<\/div><\/figure><figure class='gallery-item'>\n\t\t\t<div class='gallery-icon landscape'>\n\t\t\t\t<img loading=\"lazy\" decoding=\"async\" width=\"670\" height=\"444\" src=\"https:\/\/muzeumcystersow.pl\/wp-content\/uploads\/2021\/10\/muzeum-mogila-otwarcie-23.jpg\" class=\"attachment-full size-full\" alt=\"\" srcset=\"https:\/\/muzeumcystersow.pl\/wp-content\/uploads\/2021\/10\/muzeum-mogila-otwarcie-23.jpg 670w, https:\/\/muzeumcystersow.pl\/wp-content\/uploads\/2021\/10\/muzeum-mogila-otwarcie-23-300x199.jpg 300w\" sizes=\"auto, (max-width: 670px) 100vw, 670px\" \/>\n\t\t\t<\/div><\/figure><figure class='gallery-item'>\n\t\t\t<div class='gallery-icon landscape'>\n\t\t\t\t<img loading=\"lazy\" decoding=\"async\" width=\"670\" height=\"444\" src=\"https:\/\/muzeumcystersow.pl\/wp-content\/uploads\/2021\/10\/muzeum-mogila-otwarcie-24.jpg\" class=\"attachment-full size-full\" alt=\"\" srcset=\"https:\/\/muzeumcystersow.pl\/wp-content\/uploads\/2021\/10\/muzeum-mogila-otwarcie-24.jpg 670w, https:\/\/muzeumcystersow.pl\/wp-content\/uploads\/2021\/10\/muzeum-mogila-otwarcie-24-300x199.jpg 300w\" sizes=\"auto, (max-width: 670px) 100vw, 670px\" \/>\n\t\t\t<\/div><\/figure><figure class='gallery-item'>\n\t\t\t<div class='gallery-icon landscape'>\n\t\t\t\t<img loading=\"lazy\" decoding=\"async\" width=\"670\" height=\"444\" src=\"https:\/\/muzeumcystersow.pl\/wp-content\/uploads\/2021\/10\/muzeum-mogila-otwarcie-28.jpg\" class=\"attachment-full size-full\" alt=\"\" srcset=\"https:\/\/muzeumcystersow.pl\/wp-content\/uploads\/2021\/10\/muzeum-mogila-otwarcie-28.jpg 670w, https:\/\/muzeumcystersow.pl\/wp-content\/uploads\/2021\/10\/muzeum-mogila-otwarcie-28-300x199.jpg 300w\" sizes=\"auto, (max-width: 670px) 100vw, 670px\" \/>\n\t\t\t<\/div><\/figure><figure class='gallery-item'>\n\t\t\t<div class='gallery-icon landscape'>\n\t\t\t\t<img loading=\"lazy\" decoding=\"async\" width=\"670\" height=\"444\" src=\"https:\/\/muzeumcystersow.pl\/wp-content\/uploads\/2021\/10\/muzeum-mogila-otwarcie-29.jpg\" class=\"attachment-full size-full\" alt=\"\" srcset=\"https:\/\/muzeumcystersow.pl\/wp-content\/uploads\/2021\/10\/muzeum-mogila-otwarcie-29.jpg 670w, https:\/\/muzeumcystersow.pl\/wp-content\/uploads\/2021\/10\/muzeum-mogila-otwarcie-29-300x199.jpg 300w\" sizes=\"auto, (max-width: 670px) 100vw, 670px\" \/>\n\t\t\t<\/div><\/figure><figure class='gallery-item'>\n\t\t\t<div class='gallery-icon landscape'>\n\t\t\t\t<img loading=\"lazy\" decoding=\"async\" width=\"670\" height=\"444\" src=\"https:\/\/muzeumcystersow.pl\/wp-content\/uploads\/2021\/10\/muzeum-mogila-otwarcie-30.jpg\" class=\"attachment-full size-full\" alt=\"\" srcset=\"https:\/\/muzeumcystersow.pl\/wp-content\/uploads\/2021\/10\/muzeum-mogila-otwarcie-30.jpg 670w, https:\/\/muzeumcystersow.pl\/wp-content\/uploads\/2021\/10\/muzeum-mogila-otwarcie-30-300x199.jpg 300w\" sizes=\"auto, (max-width: 670px) 100vw, 670px\" \/>\n\t\t\t<\/div><\/figure><figure class='gallery-item'>\n\t\t\t<div class='gallery-icon portrait'>\n\t\t\t\t<img loading=\"lazy\" decoding=\"async\" width=\"558\" height=\"840\" src=\"https:\/\/muzeumcystersow.pl\/wp-content\/uploads\/2021\/10\/muzeum-mogila-otwarcie-31.jpg\" class=\"attachment-full size-full\" alt=\"\" srcset=\"https:\/\/muzeumcystersow.pl\/wp-content\/uploads\/2021\/10\/muzeum-mogila-otwarcie-31.jpg 558w, https:\/\/muzeumcystersow.pl\/wp-content\/uploads\/2021\/10\/muzeum-mogila-otwarcie-31-199x300.jpg 199w\" sizes=\"auto, (max-width: 558px) 100vw, 558px\" \/>\n\t\t\t<\/div><\/figure><figure class='gallery-item'>\n\t\t\t<div class='gallery-icon portrait'>\n\t\t\t\t<img loading=\"lazy\" decoding=\"async\" width=\"634\" height=\"840\" src=\"https:\/\/muzeumcystersow.pl\/wp-content\/uploads\/2021\/10\/muzeum-mogila-otwarcie-32.jpg\" class=\"attachment-full size-full\" alt=\"\" srcset=\"https:\/\/muzeumcystersow.pl\/wp-content\/uploads\/2021\/10\/muzeum-mogila-otwarcie-32.jpg 634w, https:\/\/muzeumcystersow.pl\/wp-content\/uploads\/2021\/10\/muzeum-mogila-otwarcie-32-226x300.jpg 226w\" sizes=\"auto, (max-width: 634px) 100vw, 634px\" \/>\n\t\t\t<\/div><\/figure><figure class='gallery-item'>\n\t\t\t<div class='gallery-icon portrait'>\n\t\t\t\t<img loading=\"lazy\" decoding=\"async\" width=\"558\" height=\"840\" src=\"https:\/\/muzeumcystersow.pl\/wp-content\/uploads\/2021\/10\/muzeum-mogila-otwarcie-37.jpg\" class=\"attachment-full size-full\" alt=\"\" srcset=\"https:\/\/muzeumcystersow.pl\/wp-content\/uploads\/2021\/10\/muzeum-mogila-otwarcie-37.jpg 558w, https:\/\/muzeumcystersow.pl\/wp-content\/uploads\/2021\/10\/muzeum-mogila-otwarcie-37-199x300.jpg 199w\" sizes=\"auto, (max-width: 558px) 100vw, 558px\" \/>\n\t\t\t<\/div><\/figure><figure class='gallery-item'>\n\t\t\t<div class='gallery-icon portrait'>\n\t\t\t\t<img loading=\"lazy\" decoding=\"async\" width=\"558\" height=\"840\" src=\"https:\/\/muzeumcystersow.pl\/wp-content\/uploads\/2021\/10\/muzeum-mogila-otwarcie-34.jpg\" class=\"attachment-full size-full\" alt=\"\" srcset=\"https:\/\/muzeumcystersow.pl\/wp-content\/uploads\/2021\/10\/muzeum-mogila-otwarcie-34.jpg 558w, https:\/\/muzeumcystersow.pl\/wp-content\/uploads\/2021\/10\/muzeum-mogila-otwarcie-34-199x300.jpg 199w\" sizes=\"auto, (max-width: 558px) 100vw, 558px\" \/>\n\t\t\t<\/div><\/figure><figure class='gallery-item'>\n\t\t\t<div class='gallery-icon landscape'>\n\t\t\t\t<img loading=\"lazy\" decoding=\"async\" width=\"670\" height=\"517\" src=\"https:\/\/muzeumcystersow.pl\/wp-content\/uploads\/2021\/10\/muzeum-mogila-otwarcie-33.jpg\" class=\"attachment-full size-full\" alt=\"\" srcset=\"https:\/\/muzeumcystersow.pl\/wp-content\/uploads\/2021\/10\/muzeum-mogila-otwarcie-33.jpg 670w, https:\/\/muzeumcystersow.pl\/wp-content\/uploads\/2021\/10\/muzeum-mogila-otwarcie-33-300x231.jpg 300w\" sizes=\"auto, (max-width: 670px) 100vw, 670px\" \/>\n\t\t\t<\/div><\/figure><figure class='gallery-item'>\n\t\t\t<div class='gallery-icon landscape'>\n\t\t\t\t<img loading=\"lazy\" decoding=\"async\" width=\"670\" height=\"444\" src=\"https:\/\/muzeumcystersow.pl\/wp-content\/uploads\/2021\/10\/muzeum-mogila-otwarcie-35.jpg\" class=\"attachment-full size-full\" alt=\"\" srcset=\"https:\/\/muzeumcystersow.pl\/wp-content\/uploads\/2021\/10\/muzeum-mogila-otwarcie-35.jpg 670w, https:\/\/muzeumcystersow.pl\/wp-content\/uploads\/2021\/10\/muzeum-mogila-otwarcie-35-300x199.jpg 300w\" sizes=\"auto, (max-width: 670px) 100vw, 670px\" \/>\n\t\t\t<\/div><\/figure><figure class='gallery-item'>\n\t\t\t<div class='gallery-icon landscape'>\n\t\t\t\t<img loading=\"lazy\" decoding=\"async\" width=\"670\" height=\"444\" src=\"https:\/\/muzeumcystersow.pl\/wp-content\/uploads\/2021\/10\/muzeum-mogila-otwarcie-36.jpg\" class=\"attachment-full size-full\" alt=\"\" srcset=\"https:\/\/muzeumcystersow.pl\/wp-content\/uploads\/2021\/10\/muzeum-mogila-otwarcie-36.jpg 670w, https:\/\/muzeumcystersow.pl\/wp-content\/uploads\/2021\/10\/muzeum-mogila-otwarcie-36-300x199.jpg 300w\" sizes=\"auto, (max-width: 670px) 100vw, 670px\" \/>\n\t\t\t<\/div><\/figure><figure class='gallery-item'>\n\t\t\t<div class='gallery-icon landscape'>\n\t\t\t\t<img loading=\"lazy\" decoding=\"async\" width=\"670\" height=\"444\" src=\"https:\/\/muzeumcystersow.pl\/wp-content\/uploads\/2021\/10\/muzeum-mogila-otwarcie-38.jpg\" class=\"attachment-full size-full\" alt=\"\" srcset=\"https:\/\/muzeumcystersow.pl\/wp-content\/uploads\/2021\/10\/muzeum-mogila-otwarcie-38.jpg 670w, https:\/\/muzeumcystersow.pl\/wp-content\/uploads\/2021\/10\/muzeum-mogila-otwarcie-38-300x199.jpg 300w\" sizes=\"auto, (max-width: 670px) 100vw, 670px\" \/>\n\t\t\t<\/div><\/figure><figure class='gallery-item'>\n\t\t\t<div class='gallery-icon portrait'>\n\t\t\t\t<img loading=\"lazy\" decoding=\"async\" width=\"558\" height=\"840\" src=\"https:\/\/muzeumcystersow.pl\/wp-content\/uploads\/2021\/10\/muzeum-mogila-otwarcie-39.jpg\" class=\"attachment-full size-full\" alt=\"\" srcset=\"https:\/\/muzeumcystersow.pl\/wp-content\/uploads\/2021\/10\/muzeum-mogila-otwarcie-39.jpg 558w, https:\/\/muzeumcystersow.pl\/wp-content\/uploads\/2021\/10\/muzeum-mogila-otwarcie-39-199x300.jpg 199w\" sizes=\"auto, (max-width: 558px) 100vw, 558px\" \/>\n\t\t\t<\/div><\/figure><figure class='gallery-item'>\n\t\t\t<div class='gallery-icon portrait'>\n\t\t\t\t<img loading=\"lazy\" decoding=\"async\" width=\"558\" height=\"840\" src=\"https:\/\/muzeumcystersow.pl\/wp-content\/uploads\/2021\/10\/muzeum-mogila-otwarcie-43.jpg\" class=\"attachment-full size-full\" alt=\"\" srcset=\"https:\/\/muzeumcystersow.pl\/wp-content\/uploads\/2021\/10\/muzeum-mogila-otwarcie-43.jpg 558w, https:\/\/muzeumcystersow.pl\/wp-content\/uploads\/2021\/10\/muzeum-mogila-otwarcie-43-199x300.jpg 199w\" sizes=\"auto, (max-width: 558px) 100vw, 558px\" \/>\n\t\t\t<\/div><\/figure><figure class='gallery-item'>\n\t\t\t<div class='gallery-icon landscape'>\n\t\t\t\t<img loading=\"lazy\" decoding=\"async\" width=\"670\" height=\"444\" src=\"https:\/\/muzeumcystersow.pl\/wp-content\/uploads\/2021\/10\/muzeum-mogila-otwarcie-40.jpg\" class=\"attachment-full size-full\" alt=\"\" srcset=\"https:\/\/muzeumcystersow.pl\/wp-content\/uploads\/2021\/10\/muzeum-mogila-otwarcie-40.jpg 670w, https:\/\/muzeumcystersow.pl\/wp-content\/uploads\/2021\/10\/muzeum-mogila-otwarcie-40-300x199.jpg 300w\" sizes=\"auto, (max-width: 670px) 100vw, 670px\" \/>\n\t\t\t<\/div><\/figure><figure class='gallery-item'>\n\t\t\t<div class='gallery-icon landscape'>\n\t\t\t\t<img loading=\"lazy\" decoding=\"async\" width=\"670\" height=\"463\" src=\"https:\/\/muzeumcystersow.pl\/wp-content\/uploads\/2021\/10\/muzeum-mogila-otwarcie-41.jpg\" class=\"attachment-full size-full\" alt=\"\" srcset=\"https:\/\/muzeumcystersow.pl\/wp-content\/uploads\/2021\/10\/muzeum-mogila-otwarcie-41.jpg 670w, https:\/\/muzeumcystersow.pl\/wp-content\/uploads\/2021\/10\/muzeum-mogila-otwarcie-41-300x207.jpg 300w\" sizes=\"auto, (max-width: 670px) 100vw, 670px\" \/>\n\t\t\t<\/div><\/figure><figure class='gallery-item'>\n\t\t\t<div class='gallery-icon portrait'>\n\t\t\t\t<img loading=\"lazy\" decoding=\"async\" width=\"670\" height=\"819\" src=\"https:\/\/muzeumcystersow.pl\/wp-content\/uploads\/2021\/10\/muzeum-mogila-otwarcie-13.jpg\" class=\"attachment-full size-full\" alt=\"\" srcset=\"https:\/\/muzeumcystersow.pl\/wp-content\/uploads\/2021\/10\/muzeum-mogila-otwarcie-13.jpg 670w, https:\/\/muzeumcystersow.pl\/wp-content\/uploads\/2021\/10\/muzeum-mogila-otwarcie-13-245x300.jpg 245w\" sizes=\"auto, (max-width: 670px) 100vw, 670px\" \/>\n\t\t\t<\/div><\/figure><figure class='gallery-item'>\n\t\t\t<div class='gallery-icon portrait'>\n\t\t\t\t<img loading=\"lazy\" decoding=\"async\" width=\"558\" height=\"840\" src=\"https:\/\/muzeumcystersow.pl\/wp-content\/uploads\/2021\/10\/muzeum-mogila-otwarcie-25.jpg\" class=\"attachment-full size-full\" alt=\"\" srcset=\"https:\/\/muzeumcystersow.pl\/wp-content\/uploads\/2021\/10\/muzeum-mogila-otwarcie-25.jpg 558w, https:\/\/muzeumcystersow.pl\/wp-content\/uploads\/2021\/10\/muzeum-mogila-otwarcie-25-199x300.jpg 199w\" sizes=\"auto, (max-width: 558px) 100vw, 558px\" \/>\n\t\t\t<\/div><\/figure><figure class='gallery-item'>\n\t\t\t<div class='gallery-icon portrait'>\n\t\t\t\t<img loading=\"lazy\" decoding=\"async\" width=\"558\" height=\"840\" src=\"https:\/\/muzeumcystersow.pl\/wp-content\/uploads\/2021\/10\/muzeum-mogila-otwarcie-27.jpg\" class=\"attachment-full size-full\" alt=\"\" srcset=\"https:\/\/muzeumcystersow.pl\/wp-content\/uploads\/2021\/10\/muzeum-mogila-otwarcie-27.jpg 558w, https:\/\/muzeumcystersow.pl\/wp-content\/uploads\/2021\/10\/muzeum-mogila-otwarcie-27-199x300.jpg 199w\" sizes=\"auto, (max-width: 558px) 100vw, 558px\" \/>\n\t\t\t<\/div><\/figure><figure class='gallery-item'>\n\t\t\t<div class='gallery-icon landscape'>\n\t\t\t\t<img loading=\"lazy\" decoding=\"async\" width=\"670\" height=\"444\" src=\"https:\/\/muzeumcystersow.pl\/wp-content\/uploads\/2021\/10\/muzeum-mogila-otwarcie-42.jpg\" class=\"attachment-full size-full\" alt=\"\" srcset=\"https:\/\/muzeumcystersow.pl\/wp-content\/uploads\/2021\/10\/muzeum-mogila-otwarcie-42.jpg 670w, https:\/\/muzeumcystersow.pl\/wp-content\/uploads\/2021\/10\/muzeum-mogila-otwarcie-42-300x199.jpg 300w\" sizes=\"auto, (max-width: 670px) 100vw, 670px\" \/>\n\t\t\t<\/div><\/figure>\n\t\t<\/div>\n\n<p>You can also read about our celebration here:<\/p>\n<p><a href=\"https:\/\/krakow.gosc.pl\/doc\/7181944.Krakow-Mogila-Otwarto-Muzeum-Cystersow\">https:\/\/krakow.gosc.pl\/doc\/7181944.Krakow-Mogila-Otwarto-Muzeum-Cystersow<\/a><\/p>\n<p><a href=\"https:\/\/kultura.wiara.pl\/doc\/7181944.Krakow-Mogila-Otwarto-Muzeum-Cystersow\">https:\/\/kultura.wiara.pl\/doc\/7181944.Krakow-Mogila-Otwarto-Muzeum-Cystersow<\/a><\/p>\n<p><a href=\"https:\/\/kultura.wiara.pl\/gal\/pokaz\/7181954.Muzeum-Duchowosci-i-Kultury-Cystersow-w-Mogile\/2#gt\">https:\/\/kultura.wiara.pl\/gal\/pokaz\/7181954.Muzeum-Duchowosci-i-Kultury-Cystersow-w-Mogile\/2#gt<\/a><\/p>\n<p><a href=\"https:\/\/diecezja.pl\/aktualnosci\/otwarcie-muzeum-kultury-i-duchowosci-cystersow\/\">https:\/\/diecezja.pl\/aktualnosci\/otwarcie-muzeum-kultury-i-duchowosci-cystersow\/<\/a><\/p>\n<p><a href=\"https:\/\/dziennikpolski24.pl\/krakow-w-opactwie-cystersow-powstanie-nowoczesne-muzeum\/ar\/c1-15865907\">https:\/\/dziennikpolski24.pl\/krakow-w-opactwie-cystersow-powstanie-nowoczesne-muzeum\/ar\/c1-15865907<\/a><\/p>\n<p><a href=\"https:\/\/www.ekai.pl\/kard-dziwisz-poswiecil-muzeum-duchowosci-i-kultury-cystersow\/\">https:\/\/www.ekai.pl\/kard-dziwisz-poswiecil-muzeum-duchowosci-i-kultury-cystersow\/<\/a><\/p>\n<p><a href=\"https:\/\/gazetakrakowska.pl\/krakow-cystersi-z-mogily-otworzyli-muzeum-w-ktorym-opowiadaja-historie-opactwa-zdjecia\/ar\/c1-15867759\">https:\/\/gazetakrakowska.pl\/krakow-cystersi-z-mogily-otworzyli-muzeum-w-ktorym-opowiadaja-historie-opactwa-zdjecia\/ar\/c1-15867759<\/a><\/p>\n<p><a href=\"https:\/\/gazetakrakowska.pl\/krakow-w-opactwie-cystersow-powstanie-nowoczesne-muzeum\/ga\/c1-15865907\/zd\/52627613\">https:\/\/gazetakrakowska.pl\/krakow-w-opactwie-cystersow-powstanie-nowoczesne-muzeum\/ga\/c1-15865907\/zd\/52627613<\/a><\/p>\n<p><a href=\"https:\/\/www.radiokrakow.pl\/aktualnosci\/krakow\/w-opactwie-w-mogile-powstalo-muzeum-historii-i-duchowosci-cystersow\">https:\/\/www.radiokrakow.pl\/aktualnosci\/krakow\/w-opactwie-w-mogile-powstalo-muzeum-historii-i-duchowosci-cystersow<\/a><\/p>\n","protected":false},"excerpt":{"rendered":"<p>This year, October 23, the long-awaited ceremonial opening of our museum took place. We began with a holy mass in the Basilica of the Holy Cross, presided over by His Eminence, Fr. Card. Stanis\u0142aw Dziwisz. Then we went to the Hall of St. Bernard &#8211; a place on the first floor &#8211; inaccessible to every [&hellip;]<\/p>\n","protected":false},"author":1,"featured_media":494,"comment_status":"open","ping_status":"open","sticky":false,"template":"","format":"standard","meta":{"site-sidebar-layout":"default","site-content-layout":"default","ast-site-content-layout":"","site-content-style":"default","site-sidebar-style":"default","ast-global-header-display":"","ast-banner-title-visibility":"","ast-main-header-display":"","ast-hfb-above-header-display":"","ast-hfb-below-header-display":"","ast-hfb-mobile-header-display":"","site-post-title":"","ast-breadcrumbs-content":"","ast-featured-img":"","footer-sml-layout":"","theme-transparent-header-meta":"default","adv-header-id-meta":"","stick-header-meta":"","header-above-stick-meta":"","header-main-stick-meta":"","header-below-stick-meta":"","astra-migrate-meta-layouts":"default","ast-page-background-enabled":"default","ast-page-background-meta":{"desktop":{"background-color":"var(--ast-global-color-4)","background-image":"","background-repeat":"repeat","background-position":"center center","background-size":"auto","background-attachment":"scroll","background-type":"","background-media":"","overlay-type":"","overlay-color":"","overlay-gradient":""},"tablet":{"background-color":"","background-image":"","background-repeat":"repeat","background-position":"center center","background-size":"auto","background-attachment":"scroll","background-type":"","background-media":"","overlay-type":"","overlay-color":"","overlay-gradient":""},"mobile":{"background-color":"","background-image":"","background-repeat":"repeat","background-position":"center center","background-size":"auto","background-attachment":"scroll","background-type":"","background-media":"","overlay-type":"","overlay-color":"","overlay-gradient":""}},"ast-content-background-meta":{"desktop":{"background-color":"var(--ast-global-color-5)","background-image":"","background-repeat":"repeat","background-position":"center center","background-size":"auto","background-attachment":"scroll","background-type":"","background-media":"","overlay-type":"","overlay-color":"","overlay-gradient":""},"tablet":{"background-color":"var(--ast-global-color-5)","background-image":"","background-repeat":"repeat","background-position":"center center","background-size":"auto","background-attachment":"scroll","background-type":"","background-media":"","overlay-type":"","overlay-color":"","overlay-gradient":""},"mobile":{"background-color":"var(--ast-global-color-5)","background-image":"","background-repeat":"repeat","background-position":"center center","background-size":"auto","background-attachment":"scroll","background-type":"","background-media":"","overlay-type":"","overlay-color":"","overlay-gradient":""}},"footnotes":""},"categories":[8],"tags":[],"class_list":["post-664","post","type-post","status-publish","format-standard","has-post-thumbnail","hentry","category-news"],"yoast_head":"<!-- This site is optimized with the Yoast SEO plugin v22.4 - https:\/\/yoast.com\/wordpress\/plugins\/seo\/ -->\n<title>Grand opening of our museum &#8211; Muzeum Duchowo\u015bci i Kultury Cysters\u00f3w wraz z Bibliotek\u0105 w Opactwie Cysters\u00f3w w Mogile<\/title>\n<meta name=\"robots\" content=\"index, follow, max-snippet:-1, max-image-preview:large, max-video-preview:-1\" \/>\n<link rel=\"canonical\" href=\"https:\/\/muzeumcystersow.pl\/en\/grand-opening-of-our-museum\/\" \/>\n<meta property=\"og:locale\" content=\"en_US\" \/>\n<meta property=\"og:type\" content=\"article\" \/>\n<meta property=\"og:title\" content=\"Grand opening of our museum &#8211; Muzeum Duchowo\u015bci i Kultury Cysters\u00f3w wraz z Bibliotek\u0105 w Opactwie Cysters\u00f3w w Mogile\" \/>\n<meta property=\"og:description\" content=\"This year, October 23, the long-awaited ceremonial opening of our museum took place. We began with a holy mass in the Basilica of the Holy Cross, presided over by His Eminence, Fr. Card. Stanis\u0142aw Dziwisz. Then we went to the Hall of St. Bernard &#8211; a place on the first floor &#8211; inaccessible to every [&hellip;]\" \/>\n<meta property=\"og:url\" content=\"https:\/\/muzeumcystersow.pl\/en\/grand-opening-of-our-museum\/\" \/>\n<meta property=\"og:site_name\" content=\"Muzeum Duchowo\u015bci i Kultury Cysters\u00f3w wraz z Bibliotek\u0105 w Opactwie Cysters\u00f3w w Mogile\" \/>\n<meta property=\"article:publisher\" content=\"https:\/\/www.facebook.com\/muzeumcystersow\" \/>\n<meta property=\"article:published_time\" content=\"2021-10-23T21:30:53+00:00\" \/>\n<meta property=\"article:modified_time\" content=\"2022-01-03T13:24:21+00:00\" \/>\n<meta property=\"og:image\" content=\"https:\/\/muzeumcystersow.pl\/wp-content\/uploads\/2021\/10\/muzeum-mogila-otwarcie-14.jpg\" \/>\n\t<meta property=\"og:image:width\" content=\"670\" \/>\n\t<meta property=\"og:image:height\" content=\"444\" \/>\n\t<meta property=\"og:image:type\" content=\"image\/jpeg\" \/>\n<meta name=\"author\" content=\"mik3czub5mu3zsumcys5t3\" \/>\n<meta name=\"twitter:card\" content=\"summary_large_image\" \/>\n<meta name=\"twitter:label1\" content=\"Written by\" \/>\n\t<meta name=\"twitter:data1\" content=\"mik3czub5mu3zsumcys5t3\" \/>\n\t<meta name=\"twitter:label2\" content=\"Est. reading time\" \/>\n\t<meta name=\"twitter:data2\" content=\"1 minute\" \/>\n<script type=\"application\/ld+json\" class=\"yoast-schema-graph\">{\"@context\":\"https:\/\/schema.org\",\"@graph\":[{\"@type\":\"Article\",\"@id\":\"https:\/\/muzeumcystersow.pl\/en\/grand-opening-of-our-museum\/#article\",\"isPartOf\":{\"@id\":\"https:\/\/muzeumcystersow.pl\/en\/grand-opening-of-our-museum\/\"},\"author\":{\"name\":\"mik3czub5mu3zsumcys5t3\",\"@id\":\"https:\/\/muzeumcystersow.pl\/en\/#\/schema\/person\/2db8a57d3bed8383c0f1ac256f89638a\"},\"headline\":\"Grand opening of our museum\",\"datePublished\":\"2021-10-23T21:30:53+00:00\",\"dateModified\":\"2022-01-03T13:24:21+00:00\",\"mainEntityOfPage\":{\"@id\":\"https:\/\/muzeumcystersow.pl\/en\/grand-opening-of-our-museum\/\"},\"wordCount\":335,\"commentCount\":0,\"publisher\":{\"@id\":\"https:\/\/muzeumcystersow.pl\/en\/#organization\"},\"image\":{\"@id\":\"https:\/\/muzeumcystersow.pl\/en\/grand-opening-of-our-museum\/#primaryimage\"},\"thumbnailUrl\":\"https:\/\/muzeumcystersow.pl\/wp-content\/uploads\/2021\/10\/muzeum-mogila-otwarcie-14.jpg\",\"articleSection\":[\"News\"],\"inLanguage\":\"en-US\",\"potentialAction\":[{\"@type\":\"CommentAction\",\"name\":\"Comment\",\"target\":[\"https:\/\/muzeumcystersow.pl\/en\/grand-opening-of-our-museum\/#respond\"]}]},{\"@type\":\"WebPage\",\"@id\":\"https:\/\/muzeumcystersow.pl\/en\/grand-opening-of-our-museum\/\",\"url\":\"https:\/\/muzeumcystersow.pl\/en\/grand-opening-of-our-museum\/\",\"name\":\"Grand opening of our museum &#8211; Muzeum Duchowo\u015bci i Kultury Cysters\u00f3w wraz z Bibliotek\u0105 w Opactwie Cysters\u00f3w w Mogile\",\"isPartOf\":{\"@id\":\"https:\/\/muzeumcystersow.pl\/en\/#website\"},\"primaryImageOfPage\":{\"@id\":\"https:\/\/muzeumcystersow.pl\/en\/grand-opening-of-our-museum\/#primaryimage\"},\"image\":{\"@id\":\"https:\/\/muzeumcystersow.pl\/en\/grand-opening-of-our-museum\/#primaryimage\"},\"thumbnailUrl\":\"https:\/\/muzeumcystersow.pl\/wp-content\/uploads\/2021\/10\/muzeum-mogila-otwarcie-14.jpg\",\"datePublished\":\"2021-10-23T21:30:53+00:00\",\"dateModified\":\"2022-01-03T13:24:21+00:00\",\"breadcrumb\":{\"@id\":\"https:\/\/muzeumcystersow.pl\/en\/grand-opening-of-our-museum\/#breadcrumb\"},\"inLanguage\":\"en-US\",\"potentialAction\":[{\"@type\":\"ReadAction\",\"target\":[\"https:\/\/muzeumcystersow.pl\/en\/grand-opening-of-our-museum\/\"]}]},{\"@type\":\"ImageObject\",\"inLanguage\":\"en-US\",\"@id\":\"https:\/\/muzeumcystersow.pl\/en\/grand-opening-of-our-museum\/#primaryimage\",\"url\":\"https:\/\/muzeumcystersow.pl\/wp-content\/uploads\/2021\/10\/muzeum-mogila-otwarcie-14.jpg\",\"contentUrl\":\"https:\/\/muzeumcystersow.pl\/wp-content\/uploads\/2021\/10\/muzeum-mogila-otwarcie-14.jpg\",\"width\":670,\"height\":444},{\"@type\":\"BreadcrumbList\",\"@id\":\"https:\/\/muzeumcystersow.pl\/en\/grand-opening-of-our-museum\/#breadcrumb\",\"itemListElement\":[{\"@type\":\"ListItem\",\"position\":1,\"name\":\"Strona g\u0142\u00f3wna\",\"item\":\"https:\/\/muzeumcystersow.pl\/en\/\"},{\"@type\":\"ListItem\",\"position\":2,\"name\":\"Grand opening of our museum\"}]},{\"@type\":\"WebSite\",\"@id\":\"https:\/\/muzeumcystersow.pl\/en\/#website\",\"url\":\"https:\/\/muzeumcystersow.pl\/en\/\",\"name\":\"Muzeum Cysters\u00f3w w Mogile\",\"description\":\"Ora et labora\",\"publisher\":{\"@id\":\"https:\/\/muzeumcystersow.pl\/en\/#organization\"},\"potentialAction\":[{\"@type\":\"SearchAction\",\"target\":{\"@type\":\"EntryPoint\",\"urlTemplate\":\"https:\/\/muzeumcystersow.pl\/en\/?s={search_term_string}\"},\"query-input\":\"required name=search_term_string\"}],\"inLanguage\":\"en-US\"},{\"@type\":\"Organization\",\"@id\":\"https:\/\/muzeumcystersow.pl\/en\/#organization\",\"name\":\"Muzeum Cysters\u00f3w w Mogile\",\"url\":\"https:\/\/muzeumcystersow.pl\/en\/\",\"logo\":{\"@type\":\"ImageObject\",\"inLanguage\":\"en-US\",\"@id\":\"https:\/\/muzeumcystersow.pl\/en\/#\/schema\/logo\/image\/\",\"url\":\"https:\/\/muzeumcystersow.pl\/wp-content\/uploads\/2021\/10\/logo_cystersi_450px.png\",\"contentUrl\":\"https:\/\/muzeumcystersow.pl\/wp-content\/uploads\/2021\/10\/logo_cystersi_450px.png\",\"width\":450,\"height\":245,\"caption\":\"Muzeum Cysters\u00f3w w Mogile\"},\"image\":{\"@id\":\"https:\/\/muzeumcystersow.pl\/en\/#\/schema\/logo\/image\/\"},\"sameAs\":[\"https:\/\/www.facebook.com\/muzeumcystersow\",\"https:\/\/www.instagram.com\/muzeumcystersow\/\"]},{\"@type\":\"Person\",\"@id\":\"https:\/\/muzeumcystersow.pl\/en\/#\/schema\/person\/2db8a57d3bed8383c0f1ac256f89638a\",\"name\":\"mik3czub5mu3zsumcys5t3\",\"image\":{\"@type\":\"ImageObject\",\"inLanguage\":\"en-US\",\"@id\":\"https:\/\/muzeumcystersow.pl\/en\/#\/schema\/person\/image\/\",\"url\":\"https:\/\/secure.gravatar.com\/avatar\/843159130f889418140b23d6fcd3f916da7979cd1fbd40cb27e81554af5c328a?s=96&d=mm&r=g\",\"contentUrl\":\"https:\/\/secure.gravatar.com\/avatar\/843159130f889418140b23d6fcd3f916da7979cd1fbd40cb27e81554af5c328a?s=96&d=mm&r=g\",\"caption\":\"mik3czub5mu3zsumcys5t3\"},\"sameAs\":[\"https:\/\/muzeumcystersow.pl\"]}]}<\/script>\n<!-- \/ Yoast SEO plugin. -->","yoast_head_json":{"title":"Grand opening of our museum &#8211; Muzeum Duchowo\u015bci i Kultury Cysters\u00f3w wraz z Bibliotek\u0105 w Opactwie Cysters\u00f3w w Mogile","robots":{"index":"index","follow":"follow","max-snippet":"max-snippet:-1","max-image-preview":"max-image-preview:large","max-video-preview":"max-video-preview:-1"},"canonical":"https:\/\/muzeumcystersow.pl\/en\/grand-opening-of-our-museum\/","og_locale":"en_US","og_type":"article","og_title":"Grand opening of our museum &#8211; Muzeum Duchowo\u015bci i Kultury Cysters\u00f3w wraz z Bibliotek\u0105 w Opactwie Cysters\u00f3w w Mogile","og_description":"This year, October 23, the long-awaited ceremonial opening of our museum took place. We began with a holy mass in the Basilica of the Holy Cross, presided over by His Eminence, Fr. Card. Stanis\u0142aw Dziwisz. Then we went to the Hall of St. Bernard &#8211; a place on the first floor &#8211; inaccessible to every [&hellip;]","og_url":"https:\/\/muzeumcystersow.pl\/en\/grand-opening-of-our-museum\/","og_site_name":"Muzeum Duchowo\u015bci i Kultury Cysters\u00f3w wraz z Bibliotek\u0105 w Opactwie Cysters\u00f3w w Mogile","article_publisher":"https:\/\/www.facebook.com\/muzeumcystersow","article_published_time":"2021-10-23T21:30:53+00:00","article_modified_time":"2022-01-03T13:24:21+00:00","og_image":[{"width":670,"height":444,"url":"https:\/\/muzeumcystersow.pl\/wp-content\/uploads\/2021\/10\/muzeum-mogila-otwarcie-14.jpg","type":"image\/jpeg"}],"author":"mik3czub5mu3zsumcys5t3","twitter_card":"summary_large_image","twitter_misc":{"Written by":"mik3czub5mu3zsumcys5t3","Est. reading time":"1 minute"},"schema":{"@context":"https:\/\/schema.org","@graph":[{"@type":"Article","@id":"https:\/\/muzeumcystersow.pl\/en\/grand-opening-of-our-museum\/#article","isPartOf":{"@id":"https:\/\/muzeumcystersow.pl\/en\/grand-opening-of-our-museum\/"},"author":{"name":"mik3czub5mu3zsumcys5t3","@id":"https:\/\/muzeumcystersow.pl\/en\/#\/schema\/person\/2db8a57d3bed8383c0f1ac256f89638a"},"headline":"Grand opening of our museum","datePublished":"2021-10-23T21:30:53+00:00","dateModified":"2022-01-03T13:24:21+00:00","mainEntityOfPage":{"@id":"https:\/\/muzeumcystersow.pl\/en\/grand-opening-of-our-museum\/"},"wordCount":335,"commentCount":0,"publisher":{"@id":"https:\/\/muzeumcystersow.pl\/en\/#organization"},"image":{"@id":"https:\/\/muzeumcystersow.pl\/en\/grand-opening-of-our-museum\/#primaryimage"},"thumbnailUrl":"https:\/\/muzeumcystersow.pl\/wp-content\/uploads\/2021\/10\/muzeum-mogila-otwarcie-14.jpg","articleSection":["News"],"inLanguage":"en-US","potentialAction":[{"@type":"CommentAction","name":"Comment","target":["https:\/\/muzeumcystersow.pl\/en\/grand-opening-of-our-museum\/#respond"]}]},{"@type":"WebPage","@id":"https:\/\/muzeumcystersow.pl\/en\/grand-opening-of-our-museum\/","url":"https:\/\/muzeumcystersow.pl\/en\/grand-opening-of-our-museum\/","name":"Grand opening of our museum &#8211; Muzeum Duchowo\u015bci i Kultury Cysters\u00f3w wraz z Bibliotek\u0105 w Opactwie Cysters\u00f3w w Mogile","isPartOf":{"@id":"https:\/\/muzeumcystersow.pl\/en\/#website"},"primaryImageOfPage":{"@id":"https:\/\/muzeumcystersow.pl\/en\/grand-opening-of-our-museum\/#primaryimage"},"image":{"@id":"https:\/\/muzeumcystersow.pl\/en\/grand-opening-of-our-museum\/#primaryimage"},"thumbnailUrl":"https:\/\/muzeumcystersow.pl\/wp-content\/uploads\/2021\/10\/muzeum-mogila-otwarcie-14.jpg","datePublished":"2021-10-23T21:30:53+00:00","dateModified":"2022-01-03T13:24:21+00:00","breadcrumb":{"@id":"https:\/\/muzeumcystersow.pl\/en\/grand-opening-of-our-museum\/#breadcrumb"},"inLanguage":"en-US","potentialAction":[{"@type":"ReadAction","target":["https:\/\/muzeumcystersow.pl\/en\/grand-opening-of-our-museum\/"]}]},{"@type":"ImageObject","inLanguage":"en-US","@id":"https:\/\/muzeumcystersow.pl\/en\/grand-opening-of-our-museum\/#primaryimage","url":"https:\/\/muzeumcystersow.pl\/wp-content\/uploads\/2021\/10\/muzeum-mogila-otwarcie-14.jpg","contentUrl":"https:\/\/muzeumcystersow.pl\/wp-content\/uploads\/2021\/10\/muzeum-mogila-otwarcie-14.jpg","width":670,"height":444},{"@type":"BreadcrumbList","@id":"https:\/\/muzeumcystersow.pl\/en\/grand-opening-of-our-museum\/#breadcrumb","itemListElement":[{"@type":"ListItem","position":1,"name":"Strona g\u0142\u00f3wna","item":"https:\/\/muzeumcystersow.pl\/en\/"},{"@type":"ListItem","position":2,"name":"Grand opening of our museum"}]},{"@type":"WebSite","@id":"https:\/\/muzeumcystersow.pl\/en\/#website","url":"https:\/\/muzeumcystersow.pl\/en\/","name":"Muzeum Cysters\u00f3w w Mogile","description":"Ora et labora","publisher":{"@id":"https:\/\/muzeumcystersow.pl\/en\/#organization"},"potentialAction":[{"@type":"SearchAction","target":{"@type":"EntryPoint","urlTemplate":"https:\/\/muzeumcystersow.pl\/en\/?s={search_term_string}"},"query-input":"required name=search_term_string"}],"inLanguage":"en-US"},{"@type":"Organization","@id":"https:\/\/muzeumcystersow.pl\/en\/#organization","name":"Muzeum Cysters\u00f3w w Mogile","url":"https:\/\/muzeumcystersow.pl\/en\/","logo":{"@type":"ImageObject","inLanguage":"en-US","@id":"https:\/\/muzeumcystersow.pl\/en\/#\/schema\/logo\/image\/","url":"https:\/\/muzeumcystersow.pl\/wp-content\/uploads\/2021\/10\/logo_cystersi_450px.png","contentUrl":"https:\/\/muzeumcystersow.pl\/wp-content\/uploads\/2021\/10\/logo_cystersi_450px.png","width":450,"height":245,"caption":"Muzeum Cysters\u00f3w w Mogile"},"image":{"@id":"https:\/\/muzeumcystersow.pl\/en\/#\/schema\/logo\/image\/"},"sameAs":["https:\/\/www.facebook.com\/muzeumcystersow","https:\/\/www.instagram.com\/muzeumcystersow\/"]},{"@type":"Person","@id":"https:\/\/muzeumcystersow.pl\/en\/#\/schema\/person\/2db8a57d3bed8383c0f1ac256f89638a","name":"mik3czub5mu3zsumcys5t3","image":{"@type":"ImageObject","inLanguage":"en-US","@id":"https:\/\/muzeumcystersow.pl\/en\/#\/schema\/person\/image\/","url":"https:\/\/secure.gravatar.com\/avatar\/843159130f889418140b23d6fcd3f916da7979cd1fbd40cb27e81554af5c328a?s=96&d=mm&r=g","contentUrl":"https:\/\/secure.gravatar.com\/avatar\/843159130f889418140b23d6fcd3f916da7979cd1fbd40cb27e81554af5c328a?s=96&d=mm&r=g","caption":"mik3czub5mu3zsumcys5t3"},"sameAs":["https:\/\/muzeumcystersow.pl"]}]}},"_links":{"self":[{"href":"https:\/\/muzeumcystersow.pl\/en\/wp-json\/wp\/v2\/posts\/664","targetHints":{"allow":["GET"]}}],"collection":[{"href":"https:\/\/muzeumcystersow.pl\/en\/wp-json\/wp\/v2\/posts"}],"about":[{"href":"https:\/\/muzeumcystersow.pl\/en\/wp-json\/wp\/v2\/types\/post"}],"author":[{"embeddable":true,"href":"https:\/\/muzeumcystersow.pl\/en\/wp-json\/wp\/v2\/users\/1"}],"replies":[{"embeddable":true,"href":"https:\/\/muzeumcystersow.pl\/en\/wp-json\/wp\/v2\/comments?post=664"}],"version-history":[{"count":4,"href":"https:\/\/muzeumcystersow.pl\/en\/wp-json\/wp\/v2\/posts\/664\/revisions"}],"predecessor-version":[{"id":669,"href":"https:\/\/muzeumcystersow.pl\/en\/wp-json\/wp\/v2\/posts\/664\/revisions\/669"}],"wp:featuredmedia":[{"embeddable":true,"href":"https:\/\/muzeumcystersow.pl\/en\/wp-json\/wp\/v2\/media\/494"}],"wp:attachment":[{"href":"https:\/\/muzeumcystersow.pl\/en\/wp-json\/wp\/v2\/media?parent=664"}],"wp:term":[{"taxonomy":"category","embeddable":true,"href":"https:\/\/muzeumcystersow.pl\/en\/wp-json\/wp\/v2\/categories?post=664"},{"taxonomy":"post_tag","embeddable":true,"href":"https:\/\/muzeumcystersow.pl\/en\/wp-json\/wp\/v2\/tags?post=664"}],"curies":[{"name":"wp","href":"https:\/\/api.w.org\/{rel}","templated":true}]}}